{"id":1406,"date":"2020-11-09T17:28:42","date_gmt":"2020-11-09T20:28:42","guid":{"rendered":"https:\/\/sbtrade.com.br\/?p=1406"},"modified":"2025-07-14T17:29:40","modified_gmt":"2025-07-14T20:29:40","slug":"entenda-a-crise-no-fornecimento-de-frete-internacional","status":"publish","type":"post","link":"https:\/\/sbtrade.com.br\/zh\/2020\/11\/09\/entenda-a-crise-no-fornecimento-de-frete-internacional\/","title":{"rendered":"Entenda a crise no fornecimento de frete internacional"},"content":{"rendered":"<p><span style=\"font-weight: 400;\">O ano de 2020 certamente tem sido desafiador em praticamente todas as esferas. Estamos no \u00faltimo trimestre do ano e quem de n\u00f3s j\u00e1 esqueceu de acompanhar pelo notici\u00e1rio a onda da Covid-19 na \u00c1sia e posteriormente na Europa l\u00e1 no in\u00edcio?<\/span><\/p>\n<p><span style=\"font-weight: 400;\">Enquanto aqui celebr\u00e1vamos o Carnaval, v\u00edamos o hemisf\u00e9rio norte sofrer com o potente v\u00edrus e fantasiando que ele n\u00e3o chegaria aqui. Ou que fosse menos devastador. N\u00e3o foi isso que aconteceu.<\/span><\/p>\n<p><span style=\"font-weight: 400;\">Ao longo desses \u00faltimos meses, j\u00e1 que o primeiro caso no Brasil foi confirmado em 26 de fevereiro, presenciamos uma s\u00e9rie de situa\u00e7\u00f5es que alteraram sobremaneira aquilo que cham\u00e1vamos de \u201cnormal\u201d.<\/span><\/p>\n<p><span style=\"font-weight: 400;\">No que se refere ao com\u00e9rcio exterior e \u00e0 log\u00edstica internacional, nos deparamos inicialmente com a China e a \u00cdndia, dois grandes fornecedores brasileiros de mat\u00e9ria-prima, especialmente de medicamentos e alimentos e insumos industriais, com dificuldades para exporta\u00e7\u00e3o de seus produtos em raz\u00e3o de <\/span><i><span style=\"font-weight: 400;\">lockdown.<\/span><\/i><\/p>\n<p><span style=\"font-weight: 400;\">Ao longo dos meses o cen\u00e1rio foi alterando \u00e0 medida que o v\u00edrus avan\u00e7ava para outros continentes. Vimos parcerias entre pa\u00edses ficarem comprometidas e parecia inevit\u00e1vel um colapso na cadeia global de suprimentos.<\/span><\/p>\n<p><b>A log\u00edstica internacional funciona como uma engrenagem e qualquer ruptura, pelo motivo que seja, causa desequil\u00edbrio no fornecimento mundial de mercadorias, sejam mat\u00e9rias-primas, sejam produtos acabados.<\/b><\/p>\n<p><span style=\"font-weight: 400;\">O container \u00e9 utilizado como um acondicionador de cargas e a inten\u00e7\u00e3o \u00e9 de que n\u00e3o circule vazio. Fazemos uso dele para a exporta\u00e7\u00e3o de nossa produ\u00e7\u00e3o e para otimizar seu retorno, envolvendo as cargas de importa\u00e7\u00e3o. \u00c9 um fluxo importante, j\u00e1 que h\u00e1 um n\u00famero limitado de cont\u00eaineres no mundo. E o equil\u00edbrio desse vai e vem \u00e9 o que permite pre\u00e7os razo\u00e1veis de frete internacional.<\/span><\/p>\n<p><span style=\"font-weight: 400;\">Mas, como falamos inicialmente, 2020 tem sido um ano desafiador.<\/span><\/p>\n<p><span style=\"font-weight: 400;\">No auge da pandemia na China, as importa\u00e7\u00f5es naquele pa\u00eds (sejam mar\u00edtimas ou a\u00e9reas) foram suspensas, o que fez com que gerasse um desabastecimento de unidades de acondicionamento de cargas. Num primeiro momento, o impacto causado por essa ruptura n\u00e3o foi t\u00e3o grande, pois a demanda mundial havia desacelerado.<\/span><\/p>\n<p><b>Agora, no que chamamos de retomada das economias e consequente incremento das opera\u00e7\u00f5es de com\u00e9rcio exterior, esse desequil\u00edbrio tem elevado sobremaneira os fretes internacionais.<\/b><\/p>\n<p><span style=\"font-weight: 400;\">O que v\u00edamos um custo de aproximadamente USD 500,00 para uma unidade de 40\u2019 da China para o Brasil, hoje temos visto at\u00e9 USD 5.000,00. O que tamb\u00e9m n\u00e3o \u00e9 garantia de se conseguir unidades.<\/span><\/p>\n<p><span style=\"font-weight: 400;\">O mesmo viu-se acontecer no modal a\u00e9reo, com a redu\u00e7\u00e3o de voos. Nada mais \u00e9 do que a lei da oferta e procura. Menos viagens dispon\u00edveis, retomada da procura, consequente aumento no pre\u00e7o do transporte internacional.<\/span><\/p>\n<p><span style=\"font-weight: 400;\">Temos presenciado a eleva\u00e7\u00e3o dos pre\u00e7os no transporte internacional de cargas desde o in\u00edcio da pandemia no Brasil, mas nada comparado ao que est\u00e1 ocorrendo no momento. Em abril j\u00e1 se noticiava incremento de 400% no custo do frete internacional China x Brasil. Entretanto, j\u00e1 foram identificados aumentos de at\u00e9 1000% e a recorrente dificuldade de se conseguir equipamentos.<\/span><\/p>\n<p><span style=\"font-weight: 400;\">O Brasil \u00e9 essencialmente exportador de prote\u00ednas animais. Portanto, envia seus produtos em cont\u00eaineres refrigerados. Uma alternativa tem sido utilizar essas unidades para a importa\u00e7\u00e3o de cargas gerais. Essas unidades s\u00e3o chamadas de NOR &#8211; <\/span><i><span style=\"font-weight: 400;\">Non-Operating Reefer<\/span><\/i><span style=\"font-weight: 400;\">. S\u00e3o cont\u00eaineres <\/span><i><span style=\"font-weight: 400;\">reefers<\/span><\/i><span style=\"font-weight: 400;\">, por\u00e9m, desligados.<\/span><\/p>\n<p><span style=\"font-weight: 400;\">Atrelada \u00e0 eleva\u00e7\u00e3o dos custos com o frete internacional est\u00e1 a cota\u00e7\u00e3o da moeda norte americana. O real tem se desvalorizado frente ao d\u00f3lar, o que compromete as opera\u00e7\u00f5es de importa\u00e7\u00e3o. Um frete internacional na casa de USD 4.000,00, por exemplo, ultrapassa os R$ 20.000,00.<\/span><\/p>\n<p><span style=\"font-weight: 400;\">\u00c9 sabido que essa despesa comp\u00f5e a base c\u00e1lculo para tributos como Imposto de Importa\u00e7\u00e3o, IPI, PIS\/PASEP, COFINS, ICMS. Portanto, o consumidor final \u00e9 extremamente afetado com essa situa\u00e7\u00e3o, uma vez que o pre\u00e7o do produto importado na g\u00f4ndola do supermercado ou na farm\u00e1cia, por exemplo, estar\u00e1 mais caro.<\/span><\/p>\n<p><span style=\"font-weight: 400;\">Esse ciclo naturalmente \u00e9 prejudicial para a economia como um todo. Havendo aumento do custo na importa\u00e7\u00e3o, com a eleva\u00e7\u00e3o dos pre\u00e7os de frete internacional, eleva o custo das mat\u00e9rias-primas, que consequentemente reduz nossa competitividade nas exporta\u00e7\u00f5es tamb\u00e9m. Haja vista que usamos boa parte de importados como componentes de itens para exportar.<\/span><\/p>\n<p><span style=\"font-weight: 400;\">Sendo assim, \u00e9 imprescind\u00edvel que se restabele\u00e7a o padr\u00e3o dito normal para oferta de fretes internacionais de modo a viabilizar as opera\u00e7\u00f5es de importa\u00e7\u00e3o e garantir uma maior competitividade brasileira no que se refere \u00e0 log\u00edstica internacional de cargas.<\/span><\/p>\n<p><a href=\"https:\/\/wa.me\/5548998190221\" target=\"_blank\" rel=\"noopener\">Se precisar de maiores esclarecimentos entre em contato conosco agora mesmo!!!<\/a><\/p>\n<p>&nbsp;<\/p>\n<p><span style=\"font-weight: 400;\"><img fetchpriority=\"high\" decoding=\"async\" class=\"alignnone wp-image-2218 size-full alignleft\" src=\"https:\/\/sbtrade.com.br\/wp-content\/uploads\/2020\/11\/professor-diego-joao-ventura.jpg\" alt=\"\" width=\"293\" height=\"293\" srcset=\"https:\/\/sbtrade.com.br\/wp-content\/uploads\/2020\/11\/professor-diego-joao-ventura.jpg 293w, https:\/\/sbtrade.com.br\/wp-content\/uploads\/2020\/11\/professor-diego-joao-ventura-150x150.jpg 150w, https:\/\/sbtrade.com.br\/wp-content\/uploads\/2020\/11\/professor-diego-joao-ventura-12x12.jpg 12w\" sizes=\"(max-width: 293px) 100vw, 293px\" \/><\/span><\/p>\n<p style=\"text-align: left;\"><span style=\"font-weight: 400;\">Autor: Prof. Diego Jo\u00e3o Ventura<\/span><\/p>\n<p style=\"text-align: left;\"><span style=\"font-weight: 400;\">@profdiegoventura_vencomex<\/span><\/p>","protected":false},"excerpt":{"rendered":"<p>O ano de 2020 certamente tem sido desafiador em praticamente todas as esferas. Estamos no \u00faltimo trimestre do ano e quem de n\u00f3s j\u00e1 esqueceu de acompanhar pelo notici\u00e1rio a onda da Covid-19 na \u00c1sia e posteriormente na Europa l\u00e1 no in\u00edcio? Enquanto aqui celebr\u00e1vamos o Carnaval, v\u00edamos o hemisf\u00e9rio norte sofrer com o potente [&hellip;]<\/p>\n","protected":false},"author":1,"featured_media":2161,"comment_status":"open","ping_status":"open","sticky":false,"template":"","format":"standard","meta":{"_monsterinsights_skip_tracking":false,"_monsterinsights_sitenote_active":false,"_monsterinsights_sitenote_note":"","_monsterinsights_sitenote_category":0,"ocean_post_layout":"","ocean_both_sidebars_style":"","ocean_both_sidebars_content_width":0,"ocean_both_sidebars_sidebars_width":0,"ocean_sidebar":"0","ocean_second_sidebar":"0","ocean_disable_margins":"enable","ocean_add_body_class":"","ocean_shortcode_before_top_bar":"","ocean_shortcode_after_top_bar":"","ocean_shortcode_before_header":"","ocean_shortcode_after_header":"","ocean_has_shortcode":"","ocean_shortcode_after_title":"","ocean_shortcode_before_footer_widgets":"","ocean_shortcode_after_footer_widgets":"","ocean_shortcode_before_footer_bottom":"","ocean_shortcode_after_footer_bottom":"","ocean_display_top_bar":"default","ocean_display_header":"default","ocean_header_style":"","ocean_center_header_left_menu":"0","ocean_custom_header_template":"0","ocean_custom_logo":0,"ocean_custom_retina_logo":0,"ocean_custom_logo_max_width":0,"ocean_custom_logo_tablet_max_width":0,"ocean_custom_logo_mobile_max_width":0,"ocean_custom_logo_max_height":0,"ocean_custom_logo_tablet_max_height":0,"ocean_custom_logo_mobile_max_height":0,"ocean_header_custom_menu":"0","ocean_menu_typo_font_family":"0","ocean_menu_typo_font_subset":"","ocean_menu_typo_font_size":0,"ocean_menu_typo_font_size_tablet":0,"ocean_menu_typo_font_size_mobile":0,"ocean_menu_typo_font_size_unit":"px","ocean_menu_typo_font_weight":"","ocean_menu_typo_font_weight_tablet":"","ocean_menu_typo_font_weight_mobile":"","ocean_menu_typo_transform":"","ocean_menu_typo_transform_tablet":"","ocean_menu_typo_transform_mobile":"","ocean_menu_typo_line_height":0,"ocean_menu_typo_line_height_tablet":0,"ocean_menu_typo_line_height_mobile":0,"ocean_menu_typo_line_height_unit":"","ocean_menu_typo_spacing":0,"ocean_menu_typo_spacing_tablet":0,"ocean_menu_typo_spacing_mobile":0,"ocean_menu_typo_spacing_unit":"","ocean_menu_link_color":"","ocean_menu_link_color_hover":"","ocean_menu_link_color_active":"","ocean_menu_link_background":"","ocean_menu_link_hover_background":"","ocean_menu_link_active_background":"","ocean_menu_social_links_bg":"","ocean_menu_social_hover_links_bg":"","ocean_menu_social_links_color":"","ocean_menu_social_hover_links_color":"","ocean_disable_title":"default","ocean_disable_heading":"default","ocean_post_title":"","ocean_post_subheading":"","ocean_post_title_style":"","ocean_post_title_background_color":"","ocean_post_title_background":0,"ocean_post_title_bg_image_position":"","ocean_post_title_bg_image_attachment":"","ocean_post_title_bg_image_repeat":"","ocean_post_title_bg_image_size":"","ocean_post_title_height":0,"ocean_post_title_bg_overlay":0.5,"ocean_post_title_bg_overlay_color":"","ocean_disable_breadcrumbs":"default","ocean_breadcrumbs_color":"","ocean_breadcrumbs_separator_color":"","ocean_breadcrumbs_links_color":"","ocean_breadcrumbs_links_hover_color":"","ocean_display_footer_widgets":"default","ocean_display_footer_bottom":"default","ocean_custom_footer_template":"0","ocean_post_oembed":"","ocean_post_self_hosted_media":"","ocean_post_video_embed":"","ocean_link_format":"","ocean_link_format_target":"self","ocean_quote_format":"","ocean_quote_format_link":"post","ocean_gallery_link_images":"off","ocean_gallery_id":[],"footnotes":""},"categories":[8],"tags":[25,54,55,44],"class_list":["post-1406","post","type-post","status-publish","format-standard","has-post-thumbnail","hentry","category-comercio-exterior","tag-comercio-exterior","tag-frete-internacional","tag-logistica","tag-pandemia","entry","has-media"],"yoast_head":"<!-- This site is optimized with the Yoast SEO plugin v27.2 - https:\/\/yoast.com\/product\/yoast-seo-wordpress\/ -->\n<title>Entenda a crise no fornecimento de frete internacional<\/title>\n<meta name=\"description\" content=\"O frete internacional tem sentido um forte impacto por conta da pandemia e ainda n\u00e3o podemos respirar aliviados. Entenda tudo aqui no blog.\" \/>\n<meta name=\"robots\" content=\"index, follow, max-snippet:-1, max-image-preview:large, max-video-preview:-1\" \/>\n<link rel=\"canonical\" href=\"https:\/\/sbtrade.com.br\/zh\/2020\/11\/09\/entenda-a-crise-no-fornecimento-de-frete-internacional\/\" \/>\n<meta property=\"og:locale\" content=\"zh_CN\" \/>\n<meta property=\"og:type\" content=\"article\" \/>\n<meta property=\"og:title\" content=\"Entenda a crise no fornecimento de frete internacional\" \/>\n<meta property=\"og:description\" content=\"O frete internacional tem sentido um forte impacto por conta da pandemia e ainda n\u00e3o podemos respirar aliviados. Entenda tudo aqui no blog.\" \/>\n<meta property=\"og:url\" content=\"https:\/\/sbtrade.com.br\/zh\/2020\/11\/09\/entenda-a-crise-no-fornecimento-de-frete-internacional\/\" \/>\n<meta property=\"og:site_name\" content=\"SB Trade\" \/>\n<meta property=\"article:published_time\" content=\"2020-11-09T20:28:42+00:00\" \/>\n<meta property=\"article:modified_time\" content=\"2025-07-14T20:29:40+00:00\" \/>\n<meta property=\"og:image\" content=\"https:\/\/sbtrade.com.br\/wp-content\/uploads\/2020\/11\/entenda-a-crise-no-fornecimento-de-frete-internacional.jpg\" \/>\n\t<meta property=\"og:image:width\" content=\"833\" \/>\n\t<meta property=\"og:image:height\" content=\"436\" \/>\n\t<meta property=\"og:image:type\" content=\"image\/jpeg\" \/>\n<meta name=\"author\" content=\"SB Trade\" \/>\n<meta name=\"twitter:card\" content=\"summary_large_image\" \/>\n<meta name=\"twitter:label1\" content=\"\u4f5c\u8005\" \/>\n\t<meta name=\"twitter:data1\" content=\"SB Trade\" \/>\n\t<meta name=\"twitter:label2\" content=\"\u9884\u8ba1\u9605\u8bfb\u65f6\u95f4\" \/>\n\t<meta name=\"twitter:data2\" content=\"5 \u5206\" \/>\n<script type=\"application\/ld+json\" class=\"yoast-schema-graph\">{\"@context\":\"https:\/\/schema.org\",\"@graph\":[{\"@type\":\"Article\",\"@id\":\"https:\/\/sbtrade.com.br\/2020\/11\/09\/entenda-a-crise-no-fornecimento-de-frete-internacional\/#article\",\"isPartOf\":{\"@id\":\"https:\/\/sbtrade.com.br\/2020\/11\/09\/entenda-a-crise-no-fornecimento-de-frete-internacional\/\"},\"author\":{\"name\":\"SB Trade\",\"@id\":\"https:\/\/sbtrade.com.br\/#\/schema\/person\/3a805f13b1367b0917080ea3741e6242\"},\"headline\":\"Entenda a crise no fornecimento de frete internacional\",\"datePublished\":\"2020-11-09T20:28:42+00:00\",\"dateModified\":\"2025-07-14T20:29:40+00:00\",\"mainEntityOfPage\":{\"@id\":\"https:\/\/sbtrade.com.br\/2020\/11\/09\/entenda-a-crise-no-fornecimento-de-frete-internacional\/\"},\"wordCount\":804,\"commentCount\":0,\"publisher\":{\"@id\":\"https:\/\/sbtrade.com.br\/#organization\"},\"image\":{\"@id\":\"https:\/\/sbtrade.com.br\/2020\/11\/09\/entenda-a-crise-no-fornecimento-de-frete-internacional\/#primaryimage\"},\"thumbnailUrl\":\"https:\/\/sbtrade.com.br\/wp-content\/uploads\/2020\/11\/entenda-a-crise-no-fornecimento-de-frete-internacional.jpg\",\"keywords\":[\"comercio exterior\",\"frete internacional\",\"log\u00edstica\",\"pandemia\"],\"articleSection\":[\"Com\u00e9rcio Exterior\"],\"inLanguage\":\"zh-Hans\",\"potentialAction\":[{\"@type\":\"CommentAction\",\"name\":\"Comment\",\"target\":[\"https:\/\/sbtrade.com.br\/2020\/11\/09\/entenda-a-crise-no-fornecimento-de-frete-internacional\/#respond\"]}]},{\"@type\":\"WebPage\",\"@id\":\"https:\/\/sbtrade.com.br\/2020\/11\/09\/entenda-a-crise-no-fornecimento-de-frete-internacional\/\",\"url\":\"https:\/\/sbtrade.com.br\/2020\/11\/09\/entenda-a-crise-no-fornecimento-de-frete-internacional\/\",\"name\":\"Entenda a crise no fornecimento de frete internacional\",\"isPartOf\":{\"@id\":\"https:\/\/sbtrade.com.br\/#website\"},\"primaryImageOfPage\":{\"@id\":\"https:\/\/sbtrade.com.br\/2020\/11\/09\/entenda-a-crise-no-fornecimento-de-frete-internacional\/#primaryimage\"},\"image\":{\"@id\":\"https:\/\/sbtrade.com.br\/2020\/11\/09\/entenda-a-crise-no-fornecimento-de-frete-internacional\/#primaryimage\"},\"thumbnailUrl\":\"https:\/\/sbtrade.com.br\/wp-content\/uploads\/2020\/11\/entenda-a-crise-no-fornecimento-de-frete-internacional.jpg\",\"datePublished\":\"2020-11-09T20:28:42+00:00\",\"dateModified\":\"2025-07-14T20:29:40+00:00\",\"description\":\"O frete internacional tem sentido um forte impacto por conta da pandemia e ainda n\u00e3o podemos respirar aliviados. Entenda tudo aqui no blog.\",\"breadcrumb\":{\"@id\":\"https:\/\/sbtrade.com.br\/2020\/11\/09\/entenda-a-crise-no-fornecimento-de-frete-internacional\/#breadcrumb\"},\"inLanguage\":\"zh-Hans\",\"potentialAction\":[{\"@type\":\"ReadAction\",\"target\":[\"https:\/\/sbtrade.com.br\/2020\/11\/09\/entenda-a-crise-no-fornecimento-de-frete-internacional\/\"]}]},{\"@type\":\"ImageObject\",\"inLanguage\":\"zh-Hans\",\"@id\":\"https:\/\/sbtrade.com.br\/2020\/11\/09\/entenda-a-crise-no-fornecimento-de-frete-internacional\/#primaryimage\",\"url\":\"https:\/\/sbtrade.com.br\/wp-content\/uploads\/2020\/11\/entenda-a-crise-no-fornecimento-de-frete-internacional.jpg\",\"contentUrl\":\"https:\/\/sbtrade.com.br\/wp-content\/uploads\/2020\/11\/entenda-a-crise-no-fornecimento-de-frete-internacional.jpg\",\"width\":833,\"height\":436},{\"@type\":\"BreadcrumbList\",\"@id\":\"https:\/\/sbtrade.com.br\/2020\/11\/09\/entenda-a-crise-no-fornecimento-de-frete-internacional\/#breadcrumb\",\"itemListElement\":[{\"@type\":\"ListItem\",\"position\":1,\"name\":\"In\u00edcio\",\"item\":\"https:\/\/sbtrade.com.br\/\"},{\"@type\":\"ListItem\",\"position\":2,\"name\":\"Entenda a crise no fornecimento de frete internacional\"}]},{\"@type\":\"WebSite\",\"@id\":\"https:\/\/sbtrade.com.br\/#website\",\"url\":\"https:\/\/sbtrade.com.br\/\",\"name\":\"SB Trade\",\"description\":\"SB Trade Com\u00e9rcio Exterior - Importa\u00e7\u00e3o, Exporta\u00e7\u00e3o e Assessoria.\",\"publisher\":{\"@id\":\"https:\/\/sbtrade.com.br\/#organization\"},\"potentialAction\":[{\"@type\":\"SearchAction\",\"target\":{\"@type\":\"EntryPoint\",\"urlTemplate\":\"https:\/\/sbtrade.com.br\/?s={search_term_string}\"},\"query-input\":{\"@type\":\"PropertyValueSpecification\",\"valueRequired\":true,\"valueName\":\"search_term_string\"}}],\"inLanguage\":\"zh-Hans\"},{\"@type\":\"Organization\",\"@id\":\"https:\/\/sbtrade.com.br\/#organization\",\"name\":\"SB Trade\",\"url\":\"https:\/\/sbtrade.com.br\/\",\"logo\":{\"@type\":\"ImageObject\",\"inLanguage\":\"zh-Hans\",\"@id\":\"https:\/\/sbtrade.com.br\/#\/schema\/logo\/image\/\",\"url\":\"https:\/\/sbtrade.com.br\/wp-content\/uploads\/2023\/01\/Logo-SB-AZUL-1.png\",\"contentUrl\":\"https:\/\/sbtrade.com.br\/wp-content\/uploads\/2023\/01\/Logo-SB-AZUL-1.png\",\"width\":467,\"height\":199,\"caption\":\"SB Trade\"},\"image\":{\"@id\":\"https:\/\/sbtrade.com.br\/#\/schema\/logo\/image\/\"}},{\"@type\":\"Person\",\"@id\":\"https:\/\/sbtrade.com.br\/#\/schema\/person\/3a805f13b1367b0917080ea3741e6242\",\"name\":\"SB Trade\",\"image\":{\"@type\":\"ImageObject\",\"inLanguage\":\"zh-Hans\",\"@id\":\"https:\/\/sbtrade.com.br\/wp-content\/litespeed\/avatar\/66a875c145dd15a0833521f76ff69c16.jpg?ver=1777009593\",\"url\":\"https:\/\/sbtrade.com.br\/wp-content\/litespeed\/avatar\/66a875c145dd15a0833521f76ff69c16.jpg?ver=1777009593\",\"contentUrl\":\"https:\/\/sbtrade.com.br\/wp-content\/litespeed\/avatar\/66a875c145dd15a0833521f76ff69c16.jpg?ver=1777009593\",\"caption\":\"SB Trade\"},\"sameAs\":[\"https:\/\/sbtrade.com.br\"],\"url\":\"https:\/\/sbtrade.com.br\/zh\/author\/sb-trade\/\"}]}<\/script>\n<!-- \/ Yoast SEO plugin. -->","yoast_head_json":{"title":"Entenda a crise no fornecimento de frete internacional","description":"O frete internacional tem sentido um forte impacto por conta da pandemia e ainda n\u00e3o podemos respirar aliviados. Entenda tudo aqui no blog.","robots":{"index":"index","follow":"follow","max-snippet":"max-snippet:-1","max-image-preview":"max-image-preview:large","max-video-preview":"max-video-preview:-1"},"canonical":"https:\/\/sbtrade.com.br\/zh\/2020\/11\/09\/entenda-a-crise-no-fornecimento-de-frete-internacional\/","og_locale":"zh_CN","og_type":"article","og_title":"Entenda a crise no fornecimento de frete internacional","og_description":"O frete internacional tem sentido um forte impacto por conta da pandemia e ainda n\u00e3o podemos respirar aliviados. Entenda tudo aqui no blog.","og_url":"https:\/\/sbtrade.com.br\/zh\/2020\/11\/09\/entenda-a-crise-no-fornecimento-de-frete-internacional\/","og_site_name":"SB Trade","article_published_time":"2020-11-09T20:28:42+00:00","article_modified_time":"2025-07-14T20:29:40+00:00","og_image":[{"width":833,"height":436,"url":"https:\/\/sbtrade.com.br\/wp-content\/uploads\/2020\/11\/entenda-a-crise-no-fornecimento-de-frete-internacional.jpg","type":"image\/jpeg"}],"author":"SB Trade","twitter_card":"summary_large_image","twitter_misc":{"\u4f5c\u8005":"SB Trade","\u9884\u8ba1\u9605\u8bfb\u65f6\u95f4":"5 \u5206"},"schema":{"@context":"https:\/\/schema.org","@graph":[{"@type":"Article","@id":"https:\/\/sbtrade.com.br\/2020\/11\/09\/entenda-a-crise-no-fornecimento-de-frete-internacional\/#article","isPartOf":{"@id":"https:\/\/sbtrade.com.br\/2020\/11\/09\/entenda-a-crise-no-fornecimento-de-frete-internacional\/"},"author":{"name":"SB Trade","@id":"https:\/\/sbtrade.com.br\/#\/schema\/person\/3a805f13b1367b0917080ea3741e6242"},"headline":"Entenda a crise no fornecimento de frete internacional","datePublished":"2020-11-09T20:28:42+00:00","dateModified":"2025-07-14T20:29:40+00:00","mainEntityOfPage":{"@id":"https:\/\/sbtrade.com.br\/2020\/11\/09\/entenda-a-crise-no-fornecimento-de-frete-internacional\/"},"wordCount":804,"commentCount":0,"publisher":{"@id":"https:\/\/sbtrade.com.br\/#organization"},"image":{"@id":"https:\/\/sbtrade.com.br\/2020\/11\/09\/entenda-a-crise-no-fornecimento-de-frete-internacional\/#primaryimage"},"thumbnailUrl":"https:\/\/sbtrade.com.br\/wp-content\/uploads\/2020\/11\/entenda-a-crise-no-fornecimento-de-frete-internacional.jpg","keywords":["comercio exterior","frete internacional","log\u00edstica","pandemia"],"articleSection":["Com\u00e9rcio Exterior"],"inLanguage":"zh-Hans","potentialAction":[{"@type":"CommentAction","name":"Comment","target":["https:\/\/sbtrade.com.br\/2020\/11\/09\/entenda-a-crise-no-fornecimento-de-frete-internacional\/#respond"]}]},{"@type":"WebPage","@id":"https:\/\/sbtrade.com.br\/2020\/11\/09\/entenda-a-crise-no-fornecimento-de-frete-internacional\/","url":"https:\/\/sbtrade.com.br\/2020\/11\/09\/entenda-a-crise-no-fornecimento-de-frete-internacional\/","name":"Entenda a crise no fornecimento de frete internacional","isPartOf":{"@id":"https:\/\/sbtrade.com.br\/#website"},"primaryImageOfPage":{"@id":"https:\/\/sbtrade.com.br\/2020\/11\/09\/entenda-a-crise-no-fornecimento-de-frete-internacional\/#primaryimage"},"image":{"@id":"https:\/\/sbtrade.com.br\/2020\/11\/09\/entenda-a-crise-no-fornecimento-de-frete-internacional\/#primaryimage"},"thumbnailUrl":"https:\/\/sbtrade.com.br\/wp-content\/uploads\/2020\/11\/entenda-a-crise-no-fornecimento-de-frete-internacional.jpg","datePublished":"2020-11-09T20:28:42+00:00","dateModified":"2025-07-14T20:29:40+00:00","description":"O frete internacional tem sentido um forte impacto por conta da pandemia e ainda n\u00e3o podemos respirar aliviados. Entenda tudo aqui no blog.","breadcrumb":{"@id":"https:\/\/sbtrade.com.br\/2020\/11\/09\/entenda-a-crise-no-fornecimento-de-frete-internacional\/#breadcrumb"},"inLanguage":"zh-Hans","potentialAction":[{"@type":"ReadAction","target":["https:\/\/sbtrade.com.br\/2020\/11\/09\/entenda-a-crise-no-fornecimento-de-frete-internacional\/"]}]},{"@type":"ImageObject","inLanguage":"zh-Hans","@id":"https:\/\/sbtrade.com.br\/2020\/11\/09\/entenda-a-crise-no-fornecimento-de-frete-internacional\/#primaryimage","url":"https:\/\/sbtrade.com.br\/wp-content\/uploads\/2020\/11\/entenda-a-crise-no-fornecimento-de-frete-internacional.jpg","contentUrl":"https:\/\/sbtrade.com.br\/wp-content\/uploads\/2020\/11\/entenda-a-crise-no-fornecimento-de-frete-internacional.jpg","width":833,"height":436},{"@type":"BreadcrumbList","@id":"https:\/\/sbtrade.com.br\/2020\/11\/09\/entenda-a-crise-no-fornecimento-de-frete-internacional\/#breadcrumb","itemListElement":[{"@type":"ListItem","position":1,"name":"In\u00edcio","item":"https:\/\/sbtrade.com.br\/"},{"@type":"ListItem","position":2,"name":"Entenda a crise no fornecimento de frete internacional"}]},{"@type":"WebSite","@id":"https:\/\/sbtrade.com.br\/#website","url":"https:\/\/sbtrade.com.br\/","name":"SB Trade","description":"SB Trade Com\u00e9rcio Exterior - Importa\u00e7\u00e3o, Exporta\u00e7\u00e3o e Assessoria.","publisher":{"@id":"https:\/\/sbtrade.com.br\/#organization"},"potentialAction":[{"@type":"SearchAction","target":{"@type":"EntryPoint","urlTemplate":"https:\/\/sbtrade.com.br\/?s={search_term_string}"},"query-input":{"@type":"PropertyValueSpecification","valueRequired":true,"valueName":"search_term_string"}}],"inLanguage":"zh-Hans"},{"@type":"Organization","@id":"https:\/\/sbtrade.com.br\/#organization","name":"SB Trade","url":"https:\/\/sbtrade.com.br\/","logo":{"@type":"ImageObject","inLanguage":"zh-Hans","@id":"https:\/\/sbtrade.com.br\/#\/schema\/logo\/image\/","url":"https:\/\/sbtrade.com.br\/wp-content\/uploads\/2023\/01\/Logo-SB-AZUL-1.png","contentUrl":"https:\/\/sbtrade.com.br\/wp-content\/uploads\/2023\/01\/Logo-SB-AZUL-1.png","width":467,"height":199,"caption":"SB Trade"},"image":{"@id":"https:\/\/sbtrade.com.br\/#\/schema\/logo\/image\/"}},{"@type":"Person","@id":"https:\/\/sbtrade.com.br\/#\/schema\/person\/3a805f13b1367b0917080ea3741e6242","name":"SB Trade","image":{"@type":"ImageObject","inLanguage":"zh-Hans","@id":"https:\/\/sbtrade.com.br\/wp-content\/litespeed\/avatar\/66a875c145dd15a0833521f76ff69c16.jpg?ver=1777009593","url":"https:\/\/sbtrade.com.br\/wp-content\/litespeed\/avatar\/66a875c145dd15a0833521f76ff69c16.jpg?ver=1777009593","contentUrl":"https:\/\/sbtrade.com.br\/wp-content\/litespeed\/avatar\/66a875c145dd15a0833521f76ff69c16.jpg?ver=1777009593","caption":"SB Trade"},"sameAs":["https:\/\/sbtrade.com.br"],"url":"https:\/\/sbtrade.com.br\/zh\/author\/sb-trade\/"}]}},"_links":{"self":[{"href":"https:\/\/sbtrade.com.br\/zh\/wp-json\/wp\/v2\/posts\/1406","targetHints":{"allow":["GET"]}}],"collection":[{"href":"https:\/\/sbtrade.com.br\/zh\/wp-json\/wp\/v2\/posts"}],"about":[{"href":"https:\/\/sbtrade.com.br\/zh\/wp-json\/wp\/v2\/types\/post"}],"author":[{"embeddable":true,"href":"https:\/\/sbtrade.com.br\/zh\/wp-json\/wp\/v2\/users\/1"}],"replies":[{"embeddable":true,"href":"https:\/\/sbtrade.com.br\/zh\/wp-json\/wp\/v2\/comments?post=1406"}],"version-history":[{"count":6,"href":"https:\/\/sbtrade.com.br\/zh\/wp-json\/wp\/v2\/posts\/1406\/revisions"}],"predecessor-version":[{"id":2221,"href":"https:\/\/sbtrade.com.br\/zh\/wp-json\/wp\/v2\/posts\/1406\/revisions\/2221"}],"wp:featuredmedia":[{"embeddable":true,"href":"https:\/\/sbtrade.com.br\/zh\/wp-json\/wp\/v2\/media\/2161"}],"wp:attachment":[{"href":"https:\/\/sbtrade.com.br\/zh\/wp-json\/wp\/v2\/media?parent=1406"}],"wp:term":[{"taxonomy":"category","embeddable":true,"href":"https:\/\/sbtrade.com.br\/zh\/wp-json\/wp\/v2\/categories?post=1406"},{"taxonomy":"post_tag","embeddable":true,"href":"https:\/\/sbtrade.com.br\/zh\/wp-json\/wp\/v2\/tags?post=1406"}],"curies":[{"name":"wp","href":"https:\/\/api.w.org\/{rel}","templated":true}]}}