{"id":1388,"date":"2020-09-23T18:04:37","date_gmt":"2020-09-23T21:04:37","guid":{"rendered":"https:\/\/sbtrade.com.br\/?p=1388"},"modified":"2025-07-15T15:27:42","modified_gmt":"2025-07-15T18:27:42","slug":"tendencias-de-consumo-durante-a-pandemia","status":"publish","type":"post","link":"https:\/\/sbtrade.com.br\/es\/2020\/09\/23\/tendencias-de-consumo-durante-a-pandemia\/","title":{"rendered":"Conhe\u00e7a as tend\u00eancias de consumo durante a pandemia"},"content":{"rendered":"<p><span style=\"font-weight: 400;\">Com diversas vacinas sendo testadas, mas ainda nenhuma solu\u00e7\u00e3o realmente aplicada \u00e0 realidade da pandemia, um \u201cnovo agora\u201d se instalou, com nos h\u00e1bitos de consumo ao redor do mundo.<\/span><\/p>\n<p><span style=\"font-weight: 400;\">Hoje vamos falar das principais tend\u00eancias de consumo durante a pandemia, fato importante para importadores e distribuidores se atentar em algumas boas possibilidades de investir no momento, passando a tamb\u00e9m direcionar seu foco para outros produtos, visto que muitos deles v\u00eam para ficar.<\/span><\/p>\n<p><img fetchpriority=\"high\" decoding=\"async\" class=\"alignnone size-full wp-image-2273\" src=\"https:\/\/sbtrade.com.br\/wp-content\/uploads\/2020\/09\/tendencias-de-consumo-durante-a-pandemia-5.jpg\" alt=\"\" width=\"833\" height=\"458\" srcset=\"https:\/\/sbtrade.com.br\/wp-content\/uploads\/2020\/09\/tendencias-de-consumo-durante-a-pandemia-5.jpg 833w, https:\/\/sbtrade.com.br\/wp-content\/uploads\/2020\/09\/tendencias-de-consumo-durante-a-pandemia-5-300x165.jpg 300w, https:\/\/sbtrade.com.br\/wp-content\/uploads\/2020\/09\/tendencias-de-consumo-durante-a-pandemia-5-768x422.jpg 768w, https:\/\/sbtrade.com.br\/wp-content\/uploads\/2020\/09\/tendencias-de-consumo-durante-a-pandemia-5-18x10.jpg 18w\" sizes=\"(max-width: 833px) 100vw, 833px\" \/><\/p>\n<h2>Praticidade dentro de casa<\/h2>\n<p><span style=\"font-weight: 400;\">O que antes crescia devagar se tornou uma necessidade na vida dos brasileiros: o e-commerce. A receita das lojas online <\/span><a href=\"https:\/\/www1.folha.uol.com.br\/mercado\/2020\/04\/pandemia-forca-mudanca-no-comercio-online-brasileiro.shtml\" target=\"_blank\" rel=\"noopener noreferrer\"><span style=\"font-weight: 400;\">cresceu 42%<\/span><\/a><span style=\"font-weight: 400;\"> no per\u00edodo 17 de mar\u00e7o a 14 de abril comparado a 2019. Ainda entre abril e junho <\/span><a href=\"https:\/\/www1.folha.uol.com.br\/mercado\/2020\/07\/comercio-digital-ganha-57-milhoes-de-consumidores-e-varejo-diz-que-eles-vieram-para-ficar.shtml\" target=\"_blank\" rel=\"noopener noreferrer\"><span style=\"font-weight: 400;\">5,7 milh\u00f5es de brasileiros<\/span><\/a><span style=\"font-weight: 400;\"> fizeram sua primeira compra pela internet.<\/span><\/p>\n<p><span style=\"font-weight: 400;\">Esses valores se referem especialmente a produtos que possam ser consumidos e usados dentro de casa, como alimenta\u00e7\u00e3o e vestu\u00e1rio. Com a quarentena, isolamento social e muitas pessoas trabalhando diretamente de casa, a prefer\u00eancia \u00e9 por produtos pr\u00e1ticos, que n\u00e3o demandam tanto tempo para uso ou preparo. E, para fazer a comida em casa, utens\u00edlios de cozinha est\u00e3o sendo muito procurados.<\/span><\/p>\n<p><span style=\"font-weight: 400;\">Al\u00e9m dos alimentos e vestu\u00e1rio, outros produtos se tornaram o foco dos brasileiros dentro de casa. Por exemplo, produtos de gin\u00e1stica que possibilitam se exercitar dentro de casa. Brinquedos e videogames para a divers\u00e3o e distra\u00e7\u00e3o das crian\u00e7as tamb\u00e9m est\u00e3o em alta.\u00a0<\/span><\/p>\n<p><span style=\"font-weight: 400;\">Com o trabalho remoto e a necessidade de montar um escrit\u00f3rio em casa, produtos para home office tamb\u00e9m est\u00e3o sendo muito procurados, que v\u00e3o desde inform\u00e1tica at\u00e9 mobili\u00e1rio.<\/span><\/p>\n<p><img decoding=\"async\" class=\"alignnone wp-image-2274 size-full\" src=\"https:\/\/sbtrade.com.br\/wp-content\/uploads\/2020\/09\/tendencias-de-consumo-durante-a-pandemia-6.jpg\" alt=\"\" width=\"833\" height=\"458\" srcset=\"https:\/\/sbtrade.com.br\/wp-content\/uploads\/2020\/09\/tendencias-de-consumo-durante-a-pandemia-6.jpg 833w, https:\/\/sbtrade.com.br\/wp-content\/uploads\/2020\/09\/tendencias-de-consumo-durante-a-pandemia-6-300x165.jpg 300w, https:\/\/sbtrade.com.br\/wp-content\/uploads\/2020\/09\/tendencias-de-consumo-durante-a-pandemia-6-768x422.jpg 768w, https:\/\/sbtrade.com.br\/wp-content\/uploads\/2020\/09\/tendencias-de-consumo-durante-a-pandemia-6-18x10.jpg 18w\" sizes=\"(max-width: 833px) 100vw, 833px\" \/><\/p>\n<p><span style=\"font-weight: 400;\">A pandemia tamb\u00e9m aumentou a preocupa\u00e7\u00e3o e cuidado em estar saud\u00e1vel, com isso artigos de higiene e sa\u00fade tamb\u00e9m fazem parte de um crescente movimento de consumo.<\/span><\/p>\n<p><span style=\"font-weight: 400;\">Essas tend\u00eancias de demandas come\u00e7am a mudar o cen\u00e1rio do mercado, com diferentes oportunidades surgindo e outras diminuindo. Algumas s\u00e3o tend\u00eancias que se instalaram por conta da pandemia, mas muitas delas provavelmente v\u00eam para ficar, com as pessoas dando mais valor ao que fazem dentro de suas casas e tamb\u00e9m ao cuidado consigo mesmas.<\/span><\/p>\n<p><span style=\"font-weight: 400;\">Neste cen\u00e1rio, quem trabalha com importa\u00e7\u00e3o, mais do que nunca, deve estar de olho no h\u00e1bito de consumo dos brasileiros para aproveitar boas oportunidades.\u00a0<\/span><\/p>\n<p><span style=\"font-weight: 400;\">No in\u00edcio do isolamento social, as importa\u00e7\u00f5es brasileiras foram bastante afetadas, com uma <\/span><a href=\"https:\/\/agenciabrasil.ebc.com.br\/economia\/noticia\/2020-07\/queda-das-importacoes-faz-balanca-comercial-bater-recorde-em-junho\" target=\"_blank\" rel=\"noopener noreferrer\"><span style=\"font-weight: 400;\">queda de 27,4%<\/span><\/a><span style=\"font-weight: 400;\"> no m\u00eas de junho se comparado ao ano anterior. Por\u00e9m, as importa\u00e7\u00f5es j\u00e1 est\u00e3o em super\u00e1vit e podem ser uma grande aposta para trazer itens que fazem parte desses novos h\u00e1bitos.<\/span><\/p>\n<p><span style=\"font-weight: 400;\">A <a href=\"https:\/\/sbtrade.com.br\/es\/\" target=\"_blank\" rel=\"noopener noreferrer\">SB Trade<\/a> conta com um time de especialistas, altamente capacitados para orientar e tamb\u00e9m para conduzir seus processos de importa\u00e7\u00e3o. Confira em nosso site nossas \u00e1reas de atua\u00e7\u00e3o e servi\u00e7os oferecidos e <a href=\"https:\/\/wa.me\/5548998190221\" target=\"_blank\" rel=\"noopener\">tire suas d\u00favidas com um dos nossos consultores<\/a>.<\/span><\/p>\n<p><span style=\"font-weight: 400;\">Fonte: <a href=\"https:\/\/administradores.com.br\/artigos\/produtos-para-importar-na-pandemia-saiba-as-tend%C3%AAncias\" target=\"_blank\" rel=\"noopener noreferrer\">Administradores<\/a>, <a href=\"https:\/\/agenciabrasil.ebc.com.br\/economia\/noticia\/2020-07\/queda-das-importacoes-faz-balanca-comercial-bater-recorde-em-junho\" target=\"_blank\" rel=\"noopener noreferrer\">Ag\u00eancia Brasil<\/a>, <a href=\"https:\/\/www1.folha.uol.com.br\/mercado\/2020\/07\/comercio-digital-ganha-57-milhoes-de-consumidores-e-varejo-diz-que-eles-vieram-para-ficar.shtml\" target=\"_blank\" rel=\"noopener noreferrer\">Folha<\/a><\/span><\/p>","protected":false},"excerpt":{"rendered":"<p>Com diversas vacinas sendo testadas, mas ainda nenhuma solu\u00e7\u00e3o realmente aplicada \u00e0 realidade da pandemia, um \u201cnovo agora\u201d se instalou, com nos h\u00e1bitos de consumo ao redor do mundo. Hoje vamos falar das principais tend\u00eancias de consumo durante a pandemia, fato importante para importadores e distribuidores se atentar em algumas boas possibilidades de investir no [&hellip;]<\/p>\n","protected":false},"author":1,"featured_media":2165,"comment_status":"open","ping_status":"open","sticky":false,"template":"","format":"standard","meta":{"_monsterinsights_skip_tracking":false,"_monsterinsights_sitenote_active":false,"_monsterinsights_sitenote_note":"","_monsterinsights_sitenote_category":0,"ocean_post_layout":"","ocean_both_sidebars_style":"","ocean_both_sidebars_content_width":0,"ocean_both_sidebars_sidebars_width":0,"ocean_sidebar":"0","ocean_second_sidebar":"0","ocean_disable_margins":"enable","ocean_add_body_class":"","ocean_shortcode_before_top_bar":"","ocean_shortcode_after_top_bar":"","ocean_shortcode_before_header":"","ocean_shortcode_after_header":"","ocean_has_shortcode":"","ocean_shortcode_after_title":"","ocean_shortcode_before_footer_widgets":"","ocean_shortcode_after_footer_widgets":"","ocean_shortcode_before_footer_bottom":"","ocean_shortcode_after_footer_bottom":"","ocean_display_top_bar":"default","ocean_display_header":"default","ocean_header_style":"","ocean_center_header_left_menu":"0","ocean_custom_header_template":"0","ocean_custom_logo":0,"ocean_custom_retina_logo":0,"ocean_custom_logo_max_width":0,"ocean_custom_logo_tablet_max_width":0,"ocean_custom_logo_mobile_max_width":0,"ocean_custom_logo_max_height":0,"ocean_custom_logo_tablet_max_height":0,"ocean_custom_logo_mobile_max_height":0,"ocean_header_custom_menu":"0","ocean_menu_typo_font_family":"0","ocean_menu_typo_font_subset":"","ocean_menu_typo_font_size":0,"ocean_menu_typo_font_size_tablet":0,"ocean_menu_typo_font_size_mobile":0,"ocean_menu_typo_font_size_unit":"px","ocean_menu_typo_font_weight":"","ocean_menu_typo_font_weight_tablet":"","ocean_menu_typo_font_weight_mobile":"","ocean_menu_typo_transform":"","ocean_menu_typo_transform_tablet":"","ocean_menu_typo_transform_mobile":"","ocean_menu_typo_line_height":0,"ocean_menu_typo_line_height_tablet":0,"ocean_menu_typo_line_height_mobile":0,"ocean_menu_typo_line_height_unit":"","ocean_menu_typo_spacing":0,"ocean_menu_typo_spacing_tablet":0,"ocean_menu_typo_spacing_mobile":0,"ocean_menu_typo_spacing_unit":"","ocean_menu_link_color":"","ocean_menu_link_color_hover":"","ocean_menu_link_color_active":"","ocean_menu_link_background":"","ocean_menu_link_hover_background":"","ocean_menu_link_active_background":"","ocean_menu_social_links_bg":"","ocean_menu_social_hover_links_bg":"","ocean_menu_social_links_color":"","ocean_menu_social_hover_links_color":"","ocean_disable_title":"default","ocean_disable_heading":"default","ocean_post_title":"","ocean_post_subheading":"","ocean_post_title_style":"","ocean_post_title_background_color":"","ocean_post_title_background":0,"ocean_post_title_bg_image_position":"","ocean_post_title_bg_image_attachment":"","ocean_post_title_bg_image_repeat":"","ocean_post_title_bg_image_size":"","ocean_post_title_height":0,"ocean_post_title_bg_overlay":0.5,"ocean_post_title_bg_overlay_color":"","ocean_disable_breadcrumbs":"default","ocean_breadcrumbs_color":"","ocean_breadcrumbs_separator_color":"","ocean_breadcrumbs_links_color":"","ocean_breadcrumbs_links_hover_color":"","ocean_display_footer_widgets":"default","ocean_display_footer_bottom":"default","ocean_custom_footer_template":"0","ocean_post_oembed":"","ocean_post_self_hosted_media":"","ocean_post_video_embed":"","ocean_link_format":"","ocean_link_format_target":"self","ocean_quote_format":"","ocean_quote_format_link":"post","ocean_gallery_link_images":"off","ocean_gallery_id":[],"footnotes":""},"categories":[8],"tags":[25,31,17,44,45,18],"class_list":["post-1388","post","type-post","status-publish","format-standard","has-post-thumbnail","hentry","category-comercio-exterior","tag-comercio-exterior","tag-importacao","tag-importar-com-trade","tag-pandemia","tag-tendencias","tag-trade-importadora","entry","has-media"],"yoast_head":"<!-- This site is optimized with the Yoast SEO plugin v27.2 - https:\/\/yoast.com\/product\/yoast-seo-wordpress\/ -->\n<title>Conhe\u00e7a as tend\u00eancias de consumo durante a pandemia<\/title>\n<meta name=\"description\" content=\"\u00c9 preciso estar ligado nas novas tend\u00eancias de consumo para manter a \u00e1rea de importa\u00e7\u00f5es equilibrada. Leia tudo aqui!\" \/>\n<meta name=\"robots\" content=\"index, follow, max-snippet:-1, max-image-preview:large, max-video-preview:-1\" \/>\n<link rel=\"canonical\" href=\"https:\/\/sbtrade.com.br\/es\/2020\/09\/23\/tendencias-de-consumo-durante-a-pandemia\/\" \/>\n<meta property=\"og:locale\" content=\"es_ES\" \/>\n<meta property=\"og:type\" content=\"article\" \/>\n<meta property=\"og:title\" content=\"Conhe\u00e7a as tend\u00eancias de consumo durante a pandemia\" \/>\n<meta property=\"og:description\" content=\"\u00c9 preciso estar ligado nas novas tend\u00eancias de consumo para manter a \u00e1rea de importa\u00e7\u00f5es equilibrada. Leia tudo aqui!\" \/>\n<meta property=\"og:url\" content=\"https:\/\/sbtrade.com.br\/es\/2020\/09\/23\/tendencias-de-consumo-durante-a-pandemia\/\" \/>\n<meta property=\"og:site_name\" content=\"SB Trade\" \/>\n<meta property=\"article:published_time\" content=\"2020-09-23T21:04:37+00:00\" \/>\n<meta property=\"article:modified_time\" content=\"2025-07-15T18:27:42+00:00\" \/>\n<meta property=\"og:image\" content=\"https:\/\/sbtrade.com.br\/wp-content\/uploads\/2020\/09\/tendencias-de-consumo-durante-a-pandemia.jpg\" \/>\n\t<meta property=\"og:image:width\" content=\"833\" \/>\n\t<meta property=\"og:image:height\" content=\"436\" \/>\n\t<meta property=\"og:image:type\" content=\"image\/jpeg\" \/>\n<meta name=\"author\" content=\"SB Trade\" \/>\n<meta name=\"twitter:card\" content=\"summary_large_image\" \/>\n<meta name=\"twitter:label1\" content=\"Escrito por\" \/>\n\t<meta name=\"twitter:data1\" content=\"SB Trade\" \/>\n\t<meta name=\"twitter:label2\" content=\"Tiempo de lectura\" \/>\n\t<meta name=\"twitter:data2\" content=\"4 minutos\" \/>\n<script type=\"application\/ld+json\" class=\"yoast-schema-graph\">{\"@context\":\"https:\/\/schema.org\",\"@graph\":[{\"@type\":\"Article\",\"@id\":\"https:\/\/sbtrade.com.br\/2020\/09\/23\/tendencias-de-consumo-durante-a-pandemia\/#article\",\"isPartOf\":{\"@id\":\"https:\/\/sbtrade.com.br\/2020\/09\/23\/tendencias-de-consumo-durante-a-pandemia\/\"},\"author\":{\"name\":\"SB Trade\",\"@id\":\"https:\/\/sbtrade.com.br\/#\/schema\/person\/3a805f13b1367b0917080ea3741e6242\"},\"headline\":\"Conhe\u00e7a as tend\u00eancias de consumo durante a pandemia\",\"datePublished\":\"2020-09-23T21:04:37+00:00\",\"dateModified\":\"2025-07-15T18:27:42+00:00\",\"mainEntityOfPage\":{\"@id\":\"https:\/\/sbtrade.com.br\/2020\/09\/23\/tendencias-de-consumo-durante-a-pandemia\/\"},\"wordCount\":514,\"commentCount\":0,\"publisher\":{\"@id\":\"https:\/\/sbtrade.com.br\/#organization\"},\"image\":{\"@id\":\"https:\/\/sbtrade.com.br\/2020\/09\/23\/tendencias-de-consumo-durante-a-pandemia\/#primaryimage\"},\"thumbnailUrl\":\"https:\/\/sbtrade.com.br\/wp-content\/uploads\/2020\/09\/tendencias-de-consumo-durante-a-pandemia.jpg\",\"keywords\":[\"comercio exterior\",\"importacao\",\"importar com trade\",\"pandemia\",\"tendencias\",\"trade importadora\"],\"articleSection\":[\"Com\u00e9rcio Exterior\"],\"inLanguage\":\"es\",\"potentialAction\":[{\"@type\":\"CommentAction\",\"name\":\"Comment\",\"target\":[\"https:\/\/sbtrade.com.br\/2020\/09\/23\/tendencias-de-consumo-durante-a-pandemia\/#respond\"]}]},{\"@type\":\"WebPage\",\"@id\":\"https:\/\/sbtrade.com.br\/2020\/09\/23\/tendencias-de-consumo-durante-a-pandemia\/\",\"url\":\"https:\/\/sbtrade.com.br\/2020\/09\/23\/tendencias-de-consumo-durante-a-pandemia\/\",\"name\":\"Conhe\u00e7a as tend\u00eancias de consumo durante a pandemia\",\"isPartOf\":{\"@id\":\"https:\/\/sbtrade.com.br\/#website\"},\"primaryImageOfPage\":{\"@id\":\"https:\/\/sbtrade.com.br\/2020\/09\/23\/tendencias-de-consumo-durante-a-pandemia\/#primaryimage\"},\"image\":{\"@id\":\"https:\/\/sbtrade.com.br\/2020\/09\/23\/tendencias-de-consumo-durante-a-pandemia\/#primaryimage\"},\"thumbnailUrl\":\"https:\/\/sbtrade.com.br\/wp-content\/uploads\/2020\/09\/tendencias-de-consumo-durante-a-pandemia.jpg\",\"datePublished\":\"2020-09-23T21:04:37+00:00\",\"dateModified\":\"2025-07-15T18:27:42+00:00\",\"description\":\"\u00c9 preciso estar ligado nas novas tend\u00eancias de consumo para manter a \u00e1rea de importa\u00e7\u00f5es equilibrada. Leia tudo aqui!\",\"breadcrumb\":{\"@id\":\"https:\/\/sbtrade.com.br\/2020\/09\/23\/tendencias-de-consumo-durante-a-pandemia\/#breadcrumb\"},\"inLanguage\":\"es\",\"potentialAction\":[{\"@type\":\"ReadAction\",\"target\":[\"https:\/\/sbtrade.com.br\/2020\/09\/23\/tendencias-de-consumo-durante-a-pandemia\/\"]}]},{\"@type\":\"ImageObject\",\"inLanguage\":\"es\",\"@id\":\"https:\/\/sbtrade.com.br\/2020\/09\/23\/tendencias-de-consumo-durante-a-pandemia\/#primaryimage\",\"url\":\"https:\/\/sbtrade.com.br\/wp-content\/uploads\/2020\/09\/tendencias-de-consumo-durante-a-pandemia.jpg\",\"contentUrl\":\"https:\/\/sbtrade.com.br\/wp-content\/uploads\/2020\/09\/tendencias-de-consumo-durante-a-pandemia.jpg\",\"width\":833,\"height\":436},{\"@type\":\"BreadcrumbList\",\"@id\":\"https:\/\/sbtrade.com.br\/2020\/09\/23\/tendencias-de-consumo-durante-a-pandemia\/#breadcrumb\",\"itemListElement\":[{\"@type\":\"ListItem\",\"position\":1,\"name\":\"In\u00edcio\",\"item\":\"https:\/\/sbtrade.com.br\/\"},{\"@type\":\"ListItem\",\"position\":2,\"name\":\"Conhe\u00e7a as tend\u00eancias de consumo durante a pandemia\"}]},{\"@type\":\"WebSite\",\"@id\":\"https:\/\/sbtrade.com.br\/#website\",\"url\":\"https:\/\/sbtrade.com.br\/\",\"name\":\"SB Trade\",\"description\":\"SB Trade Com\u00e9rcio Exterior - Importa\u00e7\u00e3o, Exporta\u00e7\u00e3o e Assessoria.\",\"publisher\":{\"@id\":\"https:\/\/sbtrade.com.br\/#organization\"},\"potentialAction\":[{\"@type\":\"SearchAction\",\"target\":{\"@type\":\"EntryPoint\",\"urlTemplate\":\"https:\/\/sbtrade.com.br\/?s={search_term_string}\"},\"query-input\":{\"@type\":\"PropertyValueSpecification\",\"valueRequired\":true,\"valueName\":\"search_term_string\"}}],\"inLanguage\":\"es\"},{\"@type\":\"Organization\",\"@id\":\"https:\/\/sbtrade.com.br\/#organization\",\"name\":\"SB Trade\",\"url\":\"https:\/\/sbtrade.com.br\/\",\"logo\":{\"@type\":\"ImageObject\",\"inLanguage\":\"es\",\"@id\":\"https:\/\/sbtrade.com.br\/#\/schema\/logo\/image\/\",\"url\":\"https:\/\/sbtrade.com.br\/wp-content\/uploads\/2023\/01\/Logo-SB-AZUL-1.png\",\"contentUrl\":\"https:\/\/sbtrade.com.br\/wp-content\/uploads\/2023\/01\/Logo-SB-AZUL-1.png\",\"width\":467,\"height\":199,\"caption\":\"SB Trade\"},\"image\":{\"@id\":\"https:\/\/sbtrade.com.br\/#\/schema\/logo\/image\/\"}},{\"@type\":\"Person\",\"@id\":\"https:\/\/sbtrade.com.br\/#\/schema\/person\/3a805f13b1367b0917080ea3741e6242\",\"name\":\"SB Trade\",\"image\":{\"@type\":\"ImageObject\",\"inLanguage\":\"es\",\"@id\":\"https:\/\/sbtrade.com.br\/wp-content\/litespeed\/avatar\/66a875c145dd15a0833521f76ff69c16.jpg?ver=1777009593\",\"url\":\"https:\/\/sbtrade.com.br\/wp-content\/litespeed\/avatar\/66a875c145dd15a0833521f76ff69c16.jpg?ver=1777009593\",\"contentUrl\":\"https:\/\/sbtrade.com.br\/wp-content\/litespeed\/avatar\/66a875c145dd15a0833521f76ff69c16.jpg?ver=1777009593\",\"caption\":\"SB Trade\"},\"sameAs\":[\"https:\/\/sbtrade.com.br\"],\"url\":\"https:\/\/sbtrade.com.br\/es\/author\/sb-trade\/\"}]}<\/script>\n<!-- \/ Yoast SEO plugin. -->","yoast_head_json":{"title":"Conhe\u00e7a as tend\u00eancias de consumo durante a pandemia","description":"\u00c9 preciso estar ligado nas novas tend\u00eancias de consumo para manter a \u00e1rea de importa\u00e7\u00f5es equilibrada. Leia tudo aqui!","robots":{"index":"index","follow":"follow","max-snippet":"max-snippet:-1","max-image-preview":"max-image-preview:large","max-video-preview":"max-video-preview:-1"},"canonical":"https:\/\/sbtrade.com.br\/es\/2020\/09\/23\/tendencias-de-consumo-durante-a-pandemia\/","og_locale":"es_ES","og_type":"article","og_title":"Conhe\u00e7a as tend\u00eancias de consumo durante a pandemia","og_description":"\u00c9 preciso estar ligado nas novas tend\u00eancias de consumo para manter a \u00e1rea de importa\u00e7\u00f5es equilibrada. Leia tudo aqui!","og_url":"https:\/\/sbtrade.com.br\/es\/2020\/09\/23\/tendencias-de-consumo-durante-a-pandemia\/","og_site_name":"SB Trade","article_published_time":"2020-09-23T21:04:37+00:00","article_modified_time":"2025-07-15T18:27:42+00:00","og_image":[{"width":833,"height":436,"url":"https:\/\/sbtrade.com.br\/wp-content\/uploads\/2020\/09\/tendencias-de-consumo-durante-a-pandemia.jpg","type":"image\/jpeg"}],"author":"SB Trade","twitter_card":"summary_large_image","twitter_misc":{"Escrito por":"SB Trade","Tiempo de lectura":"4 minutos"},"schema":{"@context":"https:\/\/schema.org","@graph":[{"@type":"Article","@id":"https:\/\/sbtrade.com.br\/2020\/09\/23\/tendencias-de-consumo-durante-a-pandemia\/#article","isPartOf":{"@id":"https:\/\/sbtrade.com.br\/2020\/09\/23\/tendencias-de-consumo-durante-a-pandemia\/"},"author":{"name":"SB Trade","@id":"https:\/\/sbtrade.com.br\/#\/schema\/person\/3a805f13b1367b0917080ea3741e6242"},"headline":"Conhe\u00e7a as tend\u00eancias de consumo durante a pandemia","datePublished":"2020-09-23T21:04:37+00:00","dateModified":"2025-07-15T18:27:42+00:00","mainEntityOfPage":{"@id":"https:\/\/sbtrade.com.br\/2020\/09\/23\/tendencias-de-consumo-durante-a-pandemia\/"},"wordCount":514,"commentCount":0,"publisher":{"@id":"https:\/\/sbtrade.com.br\/#organization"},"image":{"@id":"https:\/\/sbtrade.com.br\/2020\/09\/23\/tendencias-de-consumo-durante-a-pandemia\/#primaryimage"},"thumbnailUrl":"https:\/\/sbtrade.com.br\/wp-content\/uploads\/2020\/09\/tendencias-de-consumo-durante-a-pandemia.jpg","keywords":["comercio exterior","importacao","importar com trade","pandemia","tendencias","trade importadora"],"articleSection":["Com\u00e9rcio Exterior"],"inLanguage":"es","potentialAction":[{"@type":"CommentAction","name":"Comment","target":["https:\/\/sbtrade.com.br\/2020\/09\/23\/tendencias-de-consumo-durante-a-pandemia\/#respond"]}]},{"@type":"WebPage","@id":"https:\/\/sbtrade.com.br\/2020\/09\/23\/tendencias-de-consumo-durante-a-pandemia\/","url":"https:\/\/sbtrade.com.br\/2020\/09\/23\/tendencias-de-consumo-durante-a-pandemia\/","name":"Conhe\u00e7a as tend\u00eancias de consumo durante a pandemia","isPartOf":{"@id":"https:\/\/sbtrade.com.br\/#website"},"primaryImageOfPage":{"@id":"https:\/\/sbtrade.com.br\/2020\/09\/23\/tendencias-de-consumo-durante-a-pandemia\/#primaryimage"},"image":{"@id":"https:\/\/sbtrade.com.br\/2020\/09\/23\/tendencias-de-consumo-durante-a-pandemia\/#primaryimage"},"thumbnailUrl":"https:\/\/sbtrade.com.br\/wp-content\/uploads\/2020\/09\/tendencias-de-consumo-durante-a-pandemia.jpg","datePublished":"2020-09-23T21:04:37+00:00","dateModified":"2025-07-15T18:27:42+00:00","description":"\u00c9 preciso estar ligado nas novas tend\u00eancias de consumo para manter a \u00e1rea de importa\u00e7\u00f5es equilibrada. Leia tudo aqui!","breadcrumb":{"@id":"https:\/\/sbtrade.com.br\/2020\/09\/23\/tendencias-de-consumo-durante-a-pandemia\/#breadcrumb"},"inLanguage":"es","potentialAction":[{"@type":"ReadAction","target":["https:\/\/sbtrade.com.br\/2020\/09\/23\/tendencias-de-consumo-durante-a-pandemia\/"]}]},{"@type":"ImageObject","inLanguage":"es","@id":"https:\/\/sbtrade.com.br\/2020\/09\/23\/tendencias-de-consumo-durante-a-pandemia\/#primaryimage","url":"https:\/\/sbtrade.com.br\/wp-content\/uploads\/2020\/09\/tendencias-de-consumo-durante-a-pandemia.jpg","contentUrl":"https:\/\/sbtrade.com.br\/wp-content\/uploads\/2020\/09\/tendencias-de-consumo-durante-a-pandemia.jpg","width":833,"height":436},{"@type":"BreadcrumbList","@id":"https:\/\/sbtrade.com.br\/2020\/09\/23\/tendencias-de-consumo-durante-a-pandemia\/#breadcrumb","itemListElement":[{"@type":"ListItem","position":1,"name":"In\u00edcio","item":"https:\/\/sbtrade.com.br\/"},{"@type":"ListItem","position":2,"name":"Conhe\u00e7a as tend\u00eancias de consumo durante a pandemia"}]},{"@type":"WebSite","@id":"https:\/\/sbtrade.com.br\/#website","url":"https:\/\/sbtrade.com.br\/","name":"SB Trade","description":"SB Trade Com\u00e9rcio Exterior - Importa\u00e7\u00e3o, Exporta\u00e7\u00e3o e Assessoria.","publisher":{"@id":"https:\/\/sbtrade.com.br\/#organization"},"potentialAction":[{"@type":"SearchAction","target":{"@type":"EntryPoint","urlTemplate":"https:\/\/sbtrade.com.br\/?s={search_term_string}"},"query-input":{"@type":"PropertyValueSpecification","valueRequired":true,"valueName":"search_term_string"}}],"inLanguage":"es"},{"@type":"Organization","@id":"https:\/\/sbtrade.com.br\/#organization","name":"SB Trade","url":"https:\/\/sbtrade.com.br\/","logo":{"@type":"ImageObject","inLanguage":"es","@id":"https:\/\/sbtrade.com.br\/#\/schema\/logo\/image\/","url":"https:\/\/sbtrade.com.br\/wp-content\/uploads\/2023\/01\/Logo-SB-AZUL-1.png","contentUrl":"https:\/\/sbtrade.com.br\/wp-content\/uploads\/2023\/01\/Logo-SB-AZUL-1.png","width":467,"height":199,"caption":"SB Trade"},"image":{"@id":"https:\/\/sbtrade.com.br\/#\/schema\/logo\/image\/"}},{"@type":"Person","@id":"https:\/\/sbtrade.com.br\/#\/schema\/person\/3a805f13b1367b0917080ea3741e6242","name":"SB Trade","image":{"@type":"ImageObject","inLanguage":"es","@id":"https:\/\/sbtrade.com.br\/wp-content\/litespeed\/avatar\/66a875c145dd15a0833521f76ff69c16.jpg?ver=1777009593","url":"https:\/\/sbtrade.com.br\/wp-content\/litespeed\/avatar\/66a875c145dd15a0833521f76ff69c16.jpg?ver=1777009593","contentUrl":"https:\/\/sbtrade.com.br\/wp-content\/litespeed\/avatar\/66a875c145dd15a0833521f76ff69c16.jpg?ver=1777009593","caption":"SB Trade"},"sameAs":["https:\/\/sbtrade.com.br"],"url":"https:\/\/sbtrade.com.br\/es\/author\/sb-trade\/"}]}},"_links":{"self":[{"href":"https:\/\/sbtrade.com.br\/es\/wp-json\/wp\/v2\/posts\/1388","targetHints":{"allow":["GET"]}}],"collection":[{"href":"https:\/\/sbtrade.com.br\/es\/wp-json\/wp\/v2\/posts"}],"about":[{"href":"https:\/\/sbtrade.com.br\/es\/wp-json\/wp\/v2\/types\/post"}],"author":[{"embeddable":true,"href":"https:\/\/sbtrade.com.br\/es\/wp-json\/wp\/v2\/users\/1"}],"replies":[{"embeddable":true,"href":"https:\/\/sbtrade.com.br\/es\/wp-json\/wp\/v2\/comments?post=1388"}],"version-history":[{"count":11,"href":"https:\/\/sbtrade.com.br\/es\/wp-json\/wp\/v2\/posts\/1388\/revisions"}],"predecessor-version":[{"id":2275,"href":"https:\/\/sbtrade.com.br\/es\/wp-json\/wp\/v2\/posts\/1388\/revisions\/2275"}],"wp:featuredmedia":[{"embeddable":true,"href":"https:\/\/sbtrade.com.br\/es\/wp-json\/wp\/v2\/media\/2165"}],"wp:attachment":[{"href":"https:\/\/sbtrade.com.br\/es\/wp-json\/wp\/v2\/media?parent=1388"}],"wp:term":[{"taxonomy":"category","embeddable":true,"href":"https:\/\/sbtrade.com.br\/es\/wp-json\/wp\/v2\/categories?post=1388"},{"taxonomy":"post_tag","embeddable":true,"href":"https:\/\/sbtrade.com.br\/es\/wp-json\/wp\/v2\/tags?post=1388"}],"curies":[{"name":"wp","href":"https:\/\/api.w.org\/{rel}","templated":true}]}}